{"id":7211,"date":"2021-10-19T15:23:31","date_gmt":"2021-10-19T13:23:31","guid":{"rendered":"https:\/\/www.antoniniduea.it\/?p=7211"},"modified":"2021-10-19T15:28:57","modified_gmt":"2021-10-19T13:28:57","slug":"vitei","status":"publish","type":"post","link":"https:\/\/www.antoniniduea.it\/ro\/vitei\/","title":{"rendered":"Vi\u021bei la 90 de zile: nevoi noi, spa\u021bii noi"},"content":{"rendered":"\t\t<div data-elementor-type=\"wp-post\" data-elementor-id=\"7211\" class=\"elementor elementor-7211 elementor-7208\" data-elementor-settings=\"[]\">\n\t\t\t\t\t\t<div class=\"elementor-inner\">\n\t\t\t\t\t\t\t<div class=\"elementor-section-wrap\">\n\t\t\t\t\t\t\t<section class=\"has_eae_slider elementor-section elementor-top-section elementor-element elementor-element-5d8b3fe2 elementor-section-boxed elementor-section-height-default elementor-section-height-default\" data-id=\"5d8b3fe2\" data-element_type=\"section\">\n\t\t\t\t\t\t<div class=\"elementor-container elementor-column-gap-default\">\n\t\t\t\t\t\t\t<div class=\"elementor-row\">\n\t\t\t\t\t<div class=\"has_eae_slider elementor-column elementor-col-100 elementor-top-column elementor-element elementor-element-1196d822\" data-id=\"1196d822\" data-element_type=\"column\">\n\t\t\t<div class=\"elementor-column-wrap elementor-element-populated\">\n\t\t\t\t\t\t\t<div class=\"elementor-widget-wrap\">\n\t\t\t\t\t\t<div class=\"elementor-element elementor-element-118a3014 elementor-widget elementor-widget-text-editor\" data-id=\"118a3014\" data-element_type=\"widget\" data-widget_type=\"text-editor.default\">\n\t\t\t\t<div class=\"elementor-widget-container\">\n\t\t\t\t\t<div class=\"elementor-text-editor elementor-clearfix\"><p class=\"p1\">\u00cen precedenta intalnire in cadrul blogului nostru din septembrie am vorbit despre vi\u021bei, din primele zile p\u00e2n\u0103 \u00een a 90-cea zi de viata.<\/p><p class=\"p1\">Pe de alt\u0103 parte, din a 2-a \/ a 3-a lun\u0103, ajungem la faza de \u00een\u021b\u0103rcare, unde dieta \u00een principal lichid\u0103 este integrat\u0103 cu alimente uscate cu un con\u021binut ridicat de proteine, de \u00eenalt\u0103 calitate \u0219i gust.<\/p><p class=\"p1\">\u00cen aceast\u0103 etap\u0103 este de o importan\u021b\u0103 fundamental\u0103 s\u0103 se ia \u00een considerare nu numai v\u00e2rsta vi\u021belului, ci \u0219i greutatea corporal\u0103 \u0219i starea de cre\u0219tere \u0219i dezvoltare individual\u0103, pentru a se potrivi caracteristicilor \u0219i nevoilor conexe \u00een care nu to\u021bi au atins acelasi grad de dezvoltare.<\/p><p class=\"p1\">Perioada de \u00een\u021b\u0103rcare este tocmai atunci c\u00e2nd bovina trece de la monogastric la rumeg\u0103tor, de fapt rumenul este activat \u00een urma ingestiei, chiar par\u021biale, a dozelor de alimente solide: numai datorit\u0103 unei dezvolt\u0103ri corecte se creeaz\u0103 bacteriile necesare pentru a favoriza fermentarea alimentelor \u0219i extragerea energiei necesare<span class=\"Apple-converted-space\">\u00a0 <\/span>din aceasta, evit\u00e2nd pierderea irecuperabil\u0103 \u00een greutate dup\u0103 \u00een\u021b\u0103rcare \u0219i cre\u0219terea unui animal puternic \u0219i s\u0103n\u0103tos.<\/p><p class=\"p1\">P\u00e2n\u0103 la 6 luni de via\u021b\u0103, vi\u021beii supu\u0219i unui grad ridicat de stres psihologic necesit\u0103 \u00eengrijire \u0219i aten\u021bie special\u0103 pentru a imbina caracteristicile de cre\u0219tere \u0219i nevoile conexe.<\/p><p class=\"p2\"><b>\u201dPracticile de reproducere, pe c\u00e2t posibil, ar trebui s\u0103 evite modific\u0103rile continue ale compozi\u021biei grupurilor de vaci de lapte, pentru a facilita continuarea leg\u0103turilor sociale de lung\u0103 durat\u0103, evit\u00e2nd \u00eentreruperile frecvente ale acestora \u0219i asigur\u00e2nd stabilitate social\u0103 \u00een grup. &#8221; (EFSA, 2012b &#8211; Recomandarea 65) <\/b><\/p><p class=\"p1\">Iat\u0103 un manual de bune practici de adoptat dac\u0103 ave\u021bi vi\u021bei de 90 de zile:<\/p><p class=\"p1\">\u00cen primul r\u00e2nd, administrarea laptelui trebuie redus\u0103 treptat pentru a permite animalului s\u0103 se obi\u0219nuiasc\u0103 cu el \u0219i av\u00e2nd \u00een vedere c\u0103, \u00een mod ideal, animalul nu ar trebui s\u0103 ia alimente lichide dup\u0103 a 10-a s\u0103pt\u0103m\u00e2n\u0103.<\/p><p class=\"p1\">&#8211; Este important s\u0103 hr\u0103ni\u021bi \u0219i s\u0103 monitoriza\u021bi vi\u021beii de dou\u0103 ori pe zi \u0219i s\u0103 asigura\u021bi iluminarea \u0219i ventila\u021bia c\u00e2t mai natural\u0103 posibil<\/p><p class=\"p1\">&#8211; Mediile trebuie igienizate \u0219i controlate, deoarece vi\u021beii sunt foarte predispu\u0219i la probleme pulmonare \u0219i boli enterice<\/p><p class=\"p1\">&#8211; Mutarea vi\u021beilor \u00een stabula\u021bie libera la v\u00e2rsta de 60 de zile, impus\u0103 de lege.<\/p><p class=\"p1\">Vi\u021beii au de fapt noi nevoi: interac\u021biunea, socializarea \u0219i mi\u0219carea sunt condi\u021bii necesare pentru s\u0103n\u0103tatea \u0219i bun\u0103starea lor, din acest motiv exist\u0103 diverse solu\u021bii create pentru vitele mici.<\/p><p class=\"p2\"><b>Pentru vi\u021beii crescu\u021bi \u00een grupuri, spa\u021biul liber disponibil pentru fiecare vi\u021bel trebuie s\u0103 fie de cel pu\u021bin 1,5 metri p\u0103tra\u021bi pentru fiecare vi\u021bel cu o greutate vie mai mic\u0103 de 150 de kilograme, de cel pu\u021bin 1,7 metri p\u0103tra\u021bi pentru fiecare vi\u021bel cu o greutate vie egal\u0103 sau mai mare de 150 de kilograme, dar mai pu\u021bin de 220 de kilograme \u0219i cel pu\u021bin 1,8 metri p\u0103tra\u021bi pentru fiecare vi\u021bel cu o greutate vie egal\u0103 sau mai mare de 220 de kilograme &#8220;(Decretul legislativ nr. 126 din 7 iulie 2011)<\/b><\/p><p class=\"p3\">Cazuri excep\u021bionale trebuiesc supravegheate de unui medic veterinar, \u00een cazul \u00een care exist\u0103 condi\u021bii sanitare care oblig\u0103 vi\u021belul s\u0103 r\u0103m\u00e2n\u0103 izolat de restul grupului, sau \u00een cazul unui grup total de mai pu\u021bin de 6 capete \u0219i vi\u021belul este ad\u0103postit \u00eempreun\u0103 cu mama.<\/p><p class=\"p3\">Mediile de grup dedicate trebuie s\u0103 aib\u0103 o baz\u0103 uscat\u0103 \u0219i s\u0103 permit\u0103 animalelor s\u0103 ob\u021bin\u0103 cu u\u0219urin\u021b\u0103 mult\u0103 hran\u0103 \u0219i ap\u0103, motiv pentru care este \u00eentotdeauna recomandat s\u0103 configura\u021bi medii dedicate, u\u0219or de cur\u0103\u021bat \u0219i de gestionat, mai degrab\u0103 dec\u00e2t s\u0103 v\u0103 mul\u021bumi\u021bi cu spa\u021biile create \u00een interiorul unui grajd.\u00a0<\/p><\/div>\n\t\t\t\t<\/div>\n\t\t\t\t<\/div>\n\t\t\t\t\t\t<\/div>\n\t\t\t\t\t<\/div>\n\t\t<\/div>\n\t\t\t\t\t\t\t\t<\/div>\n\t\t\t\t\t<\/div>\n\t\t<\/section>\n\t\t\t\t\t\t<\/div>\n\t\t\t\t\t\t<\/div>\n\t\t\t\t\t<\/div>\n\t\t","protected":false},"excerpt":{"rendered":"<p>\u00cen precedenta intalnire in cadrul blogului nostru din septembrie am vorbit despre vi\u021bei, din primele zile p\u00e2n\u0103 \u00een a 90-cea zi de viata. Pe de alt\u0103 parte, din a 2-a \/ a 3-a lun\u0103, ajungem la faza de \u00een\u021b\u0103rcare, unde dieta \u00een principal lichid\u0103 este integrat\u0103 cu alimente uscate cu un con\u021binut ridicat de proteine, &hellip; <a href=\"https:\/\/www.antoniniduea.it\/ro\/vitei\/\" class=\"more-link\">Continue reading<span class=\"screen-reader-text\"> &#8220;Vi\u021bei la 90 de zile: nevoi noi, spa\u021bii noi&#8221;<\/span><\/a><\/p>\n","protected":false},"author":5,"featured_media":7257,"comment_status":"closed","ping_status":"open","sticky":false,"template":"","format":"standard","meta":[],"categories":[12],"tags":[],"yoast_head":"<!-- This site is optimized with the Yoast SEO plugin v15.9.1 - https:\/\/yoast.com\/wordpress\/plugins\/seo\/ -->\n<title>Vi\u021bei la 90 de zile: nevoi noi, spa\u021bii noi | DueA Agrizoo Blog<\/title>\n<meta name=\"description\" content=\"\u00cen precedenta intalnire in cadrul blogului nostru din septembrie am vorbit despre vi\u021bei, din primele zile p\u00e2n\u0103 \u00een a 90-cea zi de viata.\" \/>\n<link rel=\"canonical\" href=\"https:\/\/www.antoniniduea.it\/ro\/vitei\/\" \/>\n<meta property=\"og:locale\" content=\"ro_RO\" \/>\n<meta property=\"og:type\" content=\"article\" \/>\n<meta property=\"og:title\" content=\"Vi\u021bei la 90 de zile: nevoi noi, spa\u021bii noi | DueA Agrizoo Blog\" \/>\n<meta property=\"og:description\" content=\"\u00cen precedenta intalnire in cadrul blogului nostru din septembrie am vorbit despre vi\u021bei, din primele zile p\u00e2n\u0103 \u00een a 90-cea zi de viata.\" \/>\n<meta property=\"og:url\" content=\"https:\/\/www.antoniniduea.it\/ro\/vitei\/\" \/>\n<meta property=\"og:site_name\" content=\"DUE A\" \/>\n<meta property=\"article:published_time\" content=\"2021-10-19T13:23:31+00:00\" \/>\n<meta property=\"article:modified_time\" content=\"2021-10-19T13:28:57+00:00\" \/>\n<meta property=\"og:image\" content=\"https:\/\/www.antoniniduea.it\/wp-content\/uploads\/2021\/10\/DUEA-2021_-Post-Azienda-IN-3.png\" \/>\n\t<meta property=\"og:image:width\" content=\"1200\" \/>\n\t<meta property=\"og:image:height\" content=\"627\" \/>\n<meta name=\"twitter:card\" content=\"summary_large_image\" \/>\n<meta name=\"twitter:label1\" content=\"Timp estimat pentru citire\">\n\t<meta name=\"twitter:data1\" content=\"3 minute\">\n<script type=\"application\/ld+json\" class=\"yoast-schema-graph\">{\"@context\":\"https:\/\/schema.org\",\"@graph\":[{\"@type\":\"Organization\",\"@id\":\"https:\/\/www.antoniniduea.it\/ro\/#organization\",\"name\":\"Antonini DueA\",\"url\":\"https:\/\/www.antoniniduea.it\/ro\/\",\"sameAs\":[],\"logo\":{\"@type\":\"ImageObject\",\"@id\":\"https:\/\/www.antoniniduea.it\/ro\/#logo\",\"inLanguage\":\"ro-RO\",\"url\":\"https:\/\/www.antoniniduea.it\/wp-content\/uploads\/2021\/03\/logo-duea-agrizootech.png\",\"width\":187,\"height\":100,\"caption\":\"Antonini DueA\"},\"image\":{\"@id\":\"https:\/\/www.antoniniduea.it\/ro\/#logo\"}},{\"@type\":\"WebSite\",\"@id\":\"https:\/\/www.antoniniduea.it\/ro\/#website\",\"url\":\"https:\/\/www.antoniniduea.it\/ro\/\",\"name\":\"DUE A\",\"description\":\"Produzione Tunnel Agricoli, Box per vitelli nuovi e usati\",\"publisher\":{\"@id\":\"https:\/\/www.antoniniduea.it\/ro\/#organization\"},\"potentialAction\":[{\"@type\":\"SearchAction\",\"target\":\"https:\/\/www.antoniniduea.it\/ro\/?s={search_term_string}\",\"query-input\":\"required name=search_term_string\"}],\"inLanguage\":\"ro-RO\"},{\"@type\":\"ImageObject\",\"@id\":\"https:\/\/www.antoniniduea.it\/ro\/vitei\/#primaryimage\",\"inLanguage\":\"ro-RO\",\"url\":\"https:\/\/www.antoniniduea.it\/wp-content\/uploads\/2021\/10\/DUEA-2021_-Post-Azienda-IN-3.png\",\"width\":1200,\"height\":627,\"caption\":\"Vi\\u021bei\"},{\"@type\":\"WebPage\",\"@id\":\"https:\/\/www.antoniniduea.it\/ro\/vitei\/#webpage\",\"url\":\"https:\/\/www.antoniniduea.it\/ro\/vitei\/\",\"name\":\"Vi\\u021bei la 90 de zile: nevoi noi, spa\\u021bii noi | DueA Agrizoo Blog\",\"isPartOf\":{\"@id\":\"https:\/\/www.antoniniduea.it\/ro\/#website\"},\"primaryImageOfPage\":{\"@id\":\"https:\/\/www.antoniniduea.it\/ro\/vitei\/#primaryimage\"},\"datePublished\":\"2021-10-19T13:23:31+00:00\",\"dateModified\":\"2021-10-19T13:28:57+00:00\",\"description\":\"\\u00cen precedenta intalnire in cadrul blogului nostru din septembrie am vorbit despre vi\\u021bei, din primele zile p\\u00e2n\\u0103 \\u00een a 90-cea zi de viata.\",\"breadcrumb\":{\"@id\":\"https:\/\/www.antoniniduea.it\/ro\/vitei\/#breadcrumb\"},\"inLanguage\":\"ro-RO\",\"potentialAction\":[{\"@type\":\"ReadAction\",\"target\":[\"https:\/\/www.antoniniduea.it\/ro\/vitei\/\"]}]},{\"@type\":\"BreadcrumbList\",\"@id\":\"https:\/\/www.antoniniduea.it\/ro\/vitei\/#breadcrumb\",\"itemListElement\":[{\"@type\":\"ListItem\",\"position\":1,\"item\":{\"@type\":\"WebPage\",\"@id\":\"https:\/\/www.antoniniduea.it\/ro\/\",\"url\":\"https:\/\/www.antoniniduea.it\/ro\/\",\"name\":\"Home\"}},{\"@type\":\"ListItem\",\"position\":2,\"item\":{\"@type\":\"WebPage\",\"@id\":\"https:\/\/www.antoniniduea.it\/ro\/vitei\/\",\"url\":\"https:\/\/www.antoniniduea.it\/ro\/vitei\/\",\"name\":\"Vi\\u021bei la 90 de zile: nevoi noi, spa\\u021bii noi\"}}]},{\"@type\":\"Article\",\"@id\":\"https:\/\/www.antoniniduea.it\/ro\/vitei\/#article\",\"isPartOf\":{\"@id\":\"https:\/\/www.antoniniduea.it\/ro\/vitei\/#webpage\"},\"author\":{\"@id\":\"https:\/\/www.antoniniduea.it\/ro\/#\/schema\/person\/fc3094d6efb47ad0b3fa07c802876349\"},\"headline\":\"Vi\\u021bei la 90 de zile: nevoi noi, spa\\u021bii noi\",\"datePublished\":\"2021-10-19T13:23:31+00:00\",\"dateModified\":\"2021-10-19T13:28:57+00:00\",\"mainEntityOfPage\":{\"@id\":\"https:\/\/www.antoniniduea.it\/ro\/vitei\/#webpage\"},\"publisher\":{\"@id\":\"https:\/\/www.antoniniduea.it\/ro\/#organization\"},\"image\":{\"@id\":\"https:\/\/www.antoniniduea.it\/ro\/vitei\/#primaryimage\"},\"articleSection\":\"Uncategorized @ro\",\"inLanguage\":\"ro-RO\"},{\"@type\":\"Person\",\"@id\":\"https:\/\/www.antoniniduea.it\/ro\/#\/schema\/person\/fc3094d6efb47ad0b3fa07c802876349\",\"name\":\"raffaella\",\"image\":{\"@type\":\"ImageObject\",\"@id\":\"https:\/\/www.antoniniduea.it\/ro\/#personlogo\",\"inLanguage\":\"ro-RO\",\"url\":\"https:\/\/secure.gravatar.com\/avatar\/d72190bf741120a67a5bdab9ac518c53?s=96&d=mm&r=g\",\"caption\":\"raffaella\"}}]}<\/script>\n<!-- \/ Yoast SEO plugin. -->","_links":{"self":[{"href":"https:\/\/www.antoniniduea.it\/ro\/wp-json\/wp\/v2\/posts\/7211"}],"collection":[{"href":"https:\/\/www.antoniniduea.it\/ro\/wp-json\/wp\/v2\/posts"}],"about":[{"href":"https:\/\/www.antoniniduea.it\/ro\/wp-json\/wp\/v2\/types\/post"}],"author":[{"embeddable":true,"href":"https:\/\/www.antoniniduea.it\/ro\/wp-json\/wp\/v2\/users\/5"}],"replies":[{"embeddable":true,"href":"https:\/\/www.antoniniduea.it\/ro\/wp-json\/wp\/v2\/comments?post=7211"}],"version-history":[{"count":6,"href":"https:\/\/www.antoniniduea.it\/ro\/wp-json\/wp\/v2\/posts\/7211\/revisions"}],"predecessor-version":[{"id":7263,"href":"https:\/\/www.antoniniduea.it\/ro\/wp-json\/wp\/v2\/posts\/7211\/revisions\/7263"}],"wp:featuredmedia":[{"embeddable":true,"href":"https:\/\/www.antoniniduea.it\/ro\/wp-json\/wp\/v2\/media\/7257"}],"wp:attachment":[{"href":"https:\/\/www.antoniniduea.it\/ro\/wp-json\/wp\/v2\/media?parent=7211"}],"wp:term":[{"taxonomy":"category","embeddable":true,"href":"https:\/\/www.antoniniduea.it\/ro\/wp-json\/wp\/v2\/categories?post=7211"},{"taxonomy":"post_tag","embeddable":true,"href":"https:\/\/www.antoniniduea.it\/ro\/wp-json\/wp\/v2\/tags?post=7211"}],"curies":[{"name":"wp","href":"https:\/\/api.w.org\/{rel}","templated":true}]}}