{"id":7208,"date":"2021-10-12T11:02:14","date_gmt":"2021-10-12T09:02:14","guid":{"rendered":"https:\/\/www.antoniniduea.it\/?p=7208"},"modified":"2024-09-30T16:09:48","modified_gmt":"2024-09-30T14:09:48","slug":"vitelli-a-90-giorni","status":"publish","type":"post","link":"https:\/\/www.antoniniduea.it\/it\/vitelli-a-90-giorni\/","title":{"rendered":"Vitelli a 90 giorni: nuovi bisogni e nuovi spazi"},"content":{"rendered":"\t\t<div data-elementor-type=\"wp-post\" data-elementor-id=\"7208\" class=\"elementor elementor-7208\" data-elementor-settings=\"[]\">\n\t\t\t\t\t\t<div class=\"elementor-inner\">\n\t\t\t\t\t\t\t<div class=\"elementor-section-wrap\">\n\t\t\t\t\t\t\t<section class=\"has_eae_slider elementor-section elementor-top-section elementor-element elementor-element-5d8b3fe2 elementor-section-boxed elementor-section-height-default elementor-section-height-default\" data-id=\"5d8b3fe2\" data-element_type=\"section\">\n\t\t\t\t\t\t<div class=\"elementor-container elementor-column-gap-default\">\n\t\t\t\t\t\t\t<div class=\"elementor-row\">\n\t\t\t\t\t<div class=\"has_eae_slider elementor-column elementor-col-100 elementor-top-column elementor-element elementor-element-1196d822\" data-id=\"1196d822\" data-element_type=\"column\">\n\t\t\t<div class=\"elementor-column-wrap elementor-element-populated\">\n\t\t\t\t\t\t\t<div class=\"elementor-widget-wrap\">\n\t\t\t\t\t\t<div class=\"elementor-element elementor-element-118a3014 elementor-widget elementor-widget-text-editor\" data-id=\"118a3014\" data-element_type=\"widget\" data-widget_type=\"text-editor.default\">\n\t\t\t\t<div class=\"elementor-widget-container\">\n\t\t\t\t\t<div class=\"elementor-text-editor elementor-clearfix\"><p>Nell\u2019ultimo post del nostro blog di settembre, abbiamo discusso dell\u2019allevamento dei vitellini dai primi giorni di vita fino a raggiungere i 90 giorni. Durante il secondo e il terzo mese, i vitelli entrano nella fase di svezzamento, durante la quale la loro dieta liquida viene gradualmente arricchita con alimenti secchi ad alto contenuto proteico e di alta qualit\u00e0.<\/p>\n<p>In questo stadio, \u00e8 cruciale considerare non solo l&#8217;et\u00e0 del vitello, ma anche il suo peso corporeo e il suo stato di crescita. Ogni vitello pu\u00f2 avere bisogni diversi, poich\u00e9 non tutti raggiungono lo stesso livello di sviluppo contemporaneamente. Il periodo di svezzamento segna la transizione da un sistema digestivo monogastrico a uno ruminante; il rumine inizia a funzionare grazie all&#8217;assunzione di alimenti solidi, anche in piccole quantit\u00e0. Un corretto sviluppo del rumine \u00e8 essenziale per favorire la fermentazione degli alimenti e garantire l\u2019energia necessaria, evitando perdite di peso nel periodo post-svezzamento e contribuendo alla crescita di animali sani e robusti.<\/p>\n<p>Fino a sei mesi di vita, i vitelli sottoposti a stress psicologico hanno bisogno di attenzioni e cure specifiche per supportare il loro sviluppo.<\/p>\n<p>\u00c8 importante adottare pratiche di allevamento che minimizzino i cambiamenti nei gruppi di vacche da latte, poich\u00e9 ci\u00f2 aiuta a mantenere legami sociali duraturi e stabilit\u00e0 all&#8217;interno del gruppo. (EFSA, 2012b \u2013 Raccomandazione 65).<\/p>\n<p><b>Ecco alcune buone pratiche da seguire per i vitelli di 90 giorni:<\/b><\/p>\n<p><b>1. Riduzione graduale del latte: <\/b>\u00c8 fondamentale diminuire lentamente l&#8217;assunzione di latte per permettere all\u2019animale di adattarsi, evitando che riceva alimenti liquidi dopo la decima settimana.<\/p>\n<p><b>2. Nutrizione e monitoraggio:<\/b> Nutrire e controllare i vitelli due volte al giorno, assicurando un&#8217;illuminazione e una ventilazione naturali.<\/p>\n<p><b>3. Sanificazione degli ambienti:<\/b> Gli spazi devono essere puliti e controllati, poich\u00e9 i vitelli sono suscettibili a malattie polmonari e enteriche.<\/p>\n<p><b>4. Stabulazione collettiva:<\/b> I vitelli devono essere trasferiti in stabulazione collettiva a 60 giorni, come previsto dalla legge.<\/p>\n<p>I vitelli hanno nuove esigenze: interagire, socializzare e muoversi sono fondamentali per il loro benessere. Diverse soluzioni sono state sviluppate per soddisfare queste necessit\u00e0.<\/p>\n<p>Per i vitelli allevati in gruppo, lo spazio disponibile deve essere di almeno 1,5 metri quadrati per vitelli sotto i 150 kg, 1,7 metri quadrati per quelli tra 150 e 220 kg e 1,8 metri quadrati per quelli oltre i 220 kg (decreto legislativo n. 126 del 7 luglio 2011).<\/p>\n<p>In situazioni eccezionali, sotto la supervisione di un veterinario, un vitello pu\u00f2 essere isolato per motivi sanitari o se il gruppo totale \u00e8 inferiore a sei capi, e il vitello \u00e8 stabulato con la madre.<\/p>\n<p>Gli ambienti dedicati agli animali devono avere una base asciutta e consentire un facile accesso a cibo e acqua in abbondanza. \u00c8 consigliabile creare spazi appositi, facili da pulire e gestire, piuttosto che utilizzare aree ricavate all&#8217;interno di una stalla.<\/p>\n<p><\/p><\/div>\n\t\t\t\t<\/div>\n\t\t\t\t<\/div>\n\t\t\t\t\t\t<\/div>\n\t\t\t\t\t<\/div>\n\t\t<\/div>\n\t\t\t\t\t\t\t\t<\/div>\n\t\t\t\t\t<\/div>\n\t\t<\/section>\n\t\t\t\t\t\t<\/div>\n\t\t\t\t\t\t<\/div>\n\t\t\t\t\t<\/div>\n\t\t","protected":false},"excerpt":{"rendered":"<p>Ecco quindi un vademecum delle buone pratiche da adottare se hai dei vitelli a 90 giorni di vita. Leggi tutto l&#8217;articolo sul blog<\/p>\n","protected":false},"author":5,"featured_media":7222,"comment_status":"closed","ping_status":"open","sticky":false,"template":"","format":"standard","meta":[],"categories":[1],"tags":[],"yoast_head":"<!-- This site is optimized with the Yoast SEO plugin v15.9.1 - https:\/\/yoast.com\/wordpress\/plugins\/seo\/ -->\n<title>Vitelli a 90 giorni: nuovi bisogni e nuovi spazi | Blog DueA Agrizoo<\/title>\n<meta name=\"description\" content=\"Ecco quindi un vademecum delle buone pratiche da adottare se hai dei vitelli a 90 giorni di vita. Leggi tutto l&#039;articolo sul blog\" \/>\n<link rel=\"canonical\" href=\"https:\/\/www.antoniniduea.it\/it\/vitelli-a-90-giorni\/\" \/>\n<meta property=\"og:locale\" content=\"it_IT\" \/>\n<meta property=\"og:type\" content=\"article\" \/>\n<meta property=\"og:title\" content=\"Vitelli a 90 giorni: nuovi bisogni e nuovi spazi | Blog DueA Agrizoo\" \/>\n<meta property=\"og:description\" content=\"Ecco quindi un vademecum delle buone pratiche da adottare se hai dei vitelli a 90 giorni di vita. Leggi tutto l&#039;articolo sul blog\" \/>\n<meta property=\"og:url\" content=\"https:\/\/www.antoniniduea.it\/it\/vitelli-a-90-giorni\/\" \/>\n<meta property=\"og:site_name\" content=\"DUE A\" \/>\n<meta property=\"article:published_time\" content=\"2021-10-12T09:02:14+00:00\" \/>\n<meta property=\"article:modified_time\" content=\"2024-09-30T14:09:48+00:00\" \/>\n<meta property=\"og:image\" content=\"https:\/\/www.antoniniduea.it\/wp-content\/uploads\/2021\/10\/DUEA-2021_-Post-Azienda-IN-2.png\" \/>\n\t<meta property=\"og:image:width\" content=\"1200\" \/>\n\t<meta property=\"og:image:height\" content=\"627\" \/>\n<meta name=\"twitter:card\" content=\"summary_large_image\" \/>\n<meta name=\"twitter:label1\" content=\"Tempo di lettura stimato\">\n\t<meta name=\"twitter:data1\" content=\"3 minuti\">\n<script type=\"application\/ld+json\" class=\"yoast-schema-graph\">{\"@context\":\"https:\/\/schema.org\",\"@graph\":[{\"@type\":\"Organization\",\"@id\":\"https:\/\/www.antoniniduea.it\/it\/#organization\",\"name\":\"Antonini DueA\",\"url\":\"https:\/\/www.antoniniduea.it\/it\/\",\"sameAs\":[],\"logo\":{\"@type\":\"ImageObject\",\"@id\":\"https:\/\/www.antoniniduea.it\/it\/#logo\",\"inLanguage\":\"it-IT\",\"url\":\"https:\/\/www.antoniniduea.it\/wp-content\/uploads\/2021\/03\/logo-duea-agrizootech.png\",\"width\":187,\"height\":100,\"caption\":\"Antonini DueA\"},\"image\":{\"@id\":\"https:\/\/www.antoniniduea.it\/it\/#logo\"}},{\"@type\":\"WebSite\",\"@id\":\"https:\/\/www.antoniniduea.it\/it\/#website\",\"url\":\"https:\/\/www.antoniniduea.it\/it\/\",\"name\":\"DUE A\",\"description\":\"Produzione Tunnel Agricoli, Box per vitelli nuovi e usati\",\"publisher\":{\"@id\":\"https:\/\/www.antoniniduea.it\/it\/#organization\"},\"potentialAction\":[{\"@type\":\"SearchAction\",\"target\":\"https:\/\/www.antoniniduea.it\/it\/?s={search_term_string}\",\"query-input\":\"required name=search_term_string\"}],\"inLanguage\":\"it-IT\"},{\"@type\":\"ImageObject\",\"@id\":\"https:\/\/www.antoniniduea.it\/it\/vitelli-a-90-giorni\/#primaryimage\",\"inLanguage\":\"it-IT\",\"url\":\"https:\/\/www.antoniniduea.it\/wp-content\/uploads\/2021\/10\/DUEA-2021_-Post-Azienda-IN-2.png\",\"width\":1200,\"height\":627,\"caption\":\"vitelli a 90 giorni\"},{\"@type\":\"WebPage\",\"@id\":\"https:\/\/www.antoniniduea.it\/it\/vitelli-a-90-giorni\/#webpage\",\"url\":\"https:\/\/www.antoniniduea.it\/it\/vitelli-a-90-giorni\/\",\"name\":\"Vitelli a 90 giorni: nuovi bisogni e nuovi spazi | Blog DueA Agrizoo\",\"isPartOf\":{\"@id\":\"https:\/\/www.antoniniduea.it\/it\/#website\"},\"primaryImageOfPage\":{\"@id\":\"https:\/\/www.antoniniduea.it\/it\/vitelli-a-90-giorni\/#primaryimage\"},\"datePublished\":\"2021-10-12T09:02:14+00:00\",\"dateModified\":\"2024-09-30T14:09:48+00:00\",\"description\":\"Ecco quindi un vademecum delle buone pratiche da adottare se hai dei vitelli a 90 giorni di vita. Leggi tutto l'articolo sul blog\",\"breadcrumb\":{\"@id\":\"https:\/\/www.antoniniduea.it\/it\/vitelli-a-90-giorni\/#breadcrumb\"},\"inLanguage\":\"it-IT\",\"potentialAction\":[{\"@type\":\"ReadAction\",\"target\":[\"https:\/\/www.antoniniduea.it\/it\/vitelli-a-90-giorni\/\"]}]},{\"@type\":\"BreadcrumbList\",\"@id\":\"https:\/\/www.antoniniduea.it\/it\/vitelli-a-90-giorni\/#breadcrumb\",\"itemListElement\":[{\"@type\":\"ListItem\",\"position\":1,\"item\":{\"@type\":\"WebPage\",\"@id\":\"https:\/\/www.antoniniduea.it\/it\/\",\"url\":\"https:\/\/www.antoniniduea.it\/it\/\",\"name\":\"Home\"}},{\"@type\":\"ListItem\",\"position\":2,\"item\":{\"@type\":\"WebPage\",\"@id\":\"https:\/\/www.antoniniduea.it\/it\/vitelli-a-90-giorni\/\",\"url\":\"https:\/\/www.antoniniduea.it\/it\/vitelli-a-90-giorni\/\",\"name\":\"Vitelli a 90 giorni: nuovi bisogni e nuovi spazi\"}}]},{\"@type\":\"Article\",\"@id\":\"https:\/\/www.antoniniduea.it\/it\/vitelli-a-90-giorni\/#article\",\"isPartOf\":{\"@id\":\"https:\/\/www.antoniniduea.it\/it\/vitelli-a-90-giorni\/#webpage\"},\"author\":{\"@id\":\"https:\/\/www.antoniniduea.it\/it\/#\/schema\/person\/fc3094d6efb47ad0b3fa07c802876349\"},\"headline\":\"Vitelli a 90 giorni: nuovi bisogni e nuovi spazi\",\"datePublished\":\"2021-10-12T09:02:14+00:00\",\"dateModified\":\"2024-09-30T14:09:48+00:00\",\"mainEntityOfPage\":{\"@id\":\"https:\/\/www.antoniniduea.it\/it\/vitelli-a-90-giorni\/#webpage\"},\"publisher\":{\"@id\":\"https:\/\/www.antoniniduea.it\/it\/#organization\"},\"image\":{\"@id\":\"https:\/\/www.antoniniduea.it\/it\/vitelli-a-90-giorni\/#primaryimage\"},\"articleSection\":\"Non categorizzato\",\"inLanguage\":\"it-IT\"},{\"@type\":\"Person\",\"@id\":\"https:\/\/www.antoniniduea.it\/it\/#\/schema\/person\/fc3094d6efb47ad0b3fa07c802876349\",\"name\":\"raffaella\",\"image\":{\"@type\":\"ImageObject\",\"@id\":\"https:\/\/www.antoniniduea.it\/it\/#personlogo\",\"inLanguage\":\"it-IT\",\"url\":\"https:\/\/secure.gravatar.com\/avatar\/d72190bf741120a67a5bdab9ac518c53?s=96&d=mm&r=g\",\"caption\":\"raffaella\"}}]}<\/script>\n<!-- \/ Yoast SEO plugin. -->","_links":{"self":[{"href":"https:\/\/www.antoniniduea.it\/it\/wp-json\/wp\/v2\/posts\/7208"}],"collection":[{"href":"https:\/\/www.antoniniduea.it\/it\/wp-json\/wp\/v2\/posts"}],"about":[{"href":"https:\/\/www.antoniniduea.it\/it\/wp-json\/wp\/v2\/types\/post"}],"author":[{"embeddable":true,"href":"https:\/\/www.antoniniduea.it\/it\/wp-json\/wp\/v2\/users\/5"}],"replies":[{"embeddable":true,"href":"https:\/\/www.antoniniduea.it\/it\/wp-json\/wp\/v2\/comments?post=7208"}],"version-history":[{"count":17,"href":"https:\/\/www.antoniniduea.it\/it\/wp-json\/wp\/v2\/posts\/7208\/revisions"}],"predecessor-version":[{"id":9896,"href":"https:\/\/www.antoniniduea.it\/it\/wp-json\/wp\/v2\/posts\/7208\/revisions\/9896"}],"wp:featuredmedia":[{"embeddable":true,"href":"https:\/\/www.antoniniduea.it\/it\/wp-json\/wp\/v2\/media\/7222"}],"wp:attachment":[{"href":"https:\/\/www.antoniniduea.it\/it\/wp-json\/wp\/v2\/media?parent=7208"}],"wp:term":[{"taxonomy":"category","embeddable":true,"href":"https:\/\/www.antoniniduea.it\/it\/wp-json\/wp\/v2\/categories?post=7208"},{"taxonomy":"post_tag","embeddable":true,"href":"https:\/\/www.antoniniduea.it\/it\/wp-json\/wp\/v2\/tags?post=7208"}],"curies":[{"name":"wp","href":"https:\/\/api.w.org\/{rel}","templated":true}]}}